{"id":49,"date":"2024-01-01T00:00:48","date_gmt":"2024-01-01T00:00:48","guid":{"rendered":"http:\/\/192.168.1.104\/enfold-blog\/?p=49"},"modified":"2024-04-29T09:34:13","modified_gmt":"2024-04-29T08:34:13","slug":"entry-without-preview-image","status":"publish","type":"post","link":"https:\/\/www.verkehrswacht-juelich.de\/?p=49","title":{"rendered":"Nachhaltige Energie f\u00fcr eine sichere Zukunft: Unsere Photovoltaikanlage bei der Verkehrswacht J\u00fclich"},"content":{"rendered":"<section  class='av_textblock_section av-loocvixe-8e64e52b3e72637b83e6c1641ece5e55 '   itemscope=\"itemscope\" itemtype=\"https:\/\/schema.org\/BlogPosting\" itemprop=\"blogPost\" ><div class='avia_textblock'  itemprop=\"text\" ><p>Die Verkehrswacht J\u00fclich setzt nicht nur auf Verkehrssicherheit, sondern auch auf Nachhaltigkeit. Mit Stolz pr\u00e4sentieren wir unsere neueste Initiative im Bereich erneuerbare Energien &#8211; unsere eigene Photovoltaikanlage.<\/p>\n<p>Die Entscheidung f\u00fcr die Installation einer Photovoltaikanlage ist Teil unseres Engagements f\u00fcr Umweltschutz und Nachhaltigkeit. Die Anlage nutzt die unersch\u00f6pfliche Energie der Sonne, um sauberen Strom zu erzeugen, und tr\u00e4gt somit zur Reduzierung unseres \u00f6kologischen Fu\u00dfabdrucks bei.<\/p>\n<p>Die Vorteile dieser nachhaltigen Investition sind vielf\u00e4ltig. Neben der Einsparung von Energiekosten leisten wir einen Beitrag zur Verringerung von Treibhausgasemissionen und f\u00f6rdern aktiv den Einsatz erneuerbarer Energien in unserer Gemeinschaft.<\/p>\n<p>Die Photovoltaikanlage auf unserem Gel\u00e4nde ist nicht nur ein technologischer Fortschritt, sondern auch ein Symbol f\u00fcr unsere Verpflichtung zur Umweltverantwortung. Wir m\u00f6chten nicht nur Verkehrsteilnehmer \u00fcber Sicherheitsaspekte aufkl\u00e4ren, sondern auch als Organisation selbst einen Beitrag zum Umweltschutz leisten.<\/p>\n<p>Diese Investition in erneuerbare Energien passt nahtlos zu unserem Leitbild, das eine nachhaltige und sichere Mobilit\u00e4t f\u00f6rdert. Wir hoffen, dass unsere Bem\u00fchungen dazu beitragen, das Bewusstsein f\u00fcr Umweltfragen zu sch\u00e4rfen und einen positiven Einfluss auf unsere Umgebung auszu\u00fcben.<\/p>\n<p>Die Verkehrswacht J\u00fclich freut sich, mit der Photovoltaikanlage einen weiteren Schritt in Richtung einer nachhaltigen Zukunft gemacht zu haben. Wir laden Sie ein, unser Engagement zu unterst\u00fctzen und gemeinsam f\u00fcr eine sichere und umweltfreundliche Gesellschaft einzutreten.<\/p>\n<\/div><\/section>\n","protected":false},"excerpt":{"rendered":"","protected":false},"author":2,"featured_media":767,"comment_status":"closed","ping_status":"open","sticky":false,"template":"","format":"standard","meta":{"_jetpack_memberships_contains_paid_content":false,"footnotes":""},"categories":[2],"tags":[],"class_list":["post-49","post","type-post","status-publish","format-standard","has-post-thumbnail","hentry","category-news"],"yoast_head":"<!-- This site is optimized with the Yoast SEO plugin v27.3 - https:\/\/yoast.com\/product\/yoast-seo-wordpress\/ -->\n<title>Nachhaltige Energie f\u00fcr eine sichere Zukunft: Unsere Photovoltaikanlage bei der Verkehrswacht J\u00fclich - Verkehrswacht J\u00fclich<\/title>\n<meta name=\"robots\" content=\"index, follow, max-snippet:-1, max-image-preview:large, max-video-preview:-1\" \/>\n<link rel=\"canonical\" href=\"https:\/\/www.verkehrswacht-juelich.de\/?p=49\" \/>\n<meta property=\"og:locale\" content=\"de_DE\" \/>\n<meta property=\"og:type\" content=\"article\" \/>\n<meta property=\"og:title\" content=\"Nachhaltige Energie f\u00fcr eine sichere Zukunft: Unsere Photovoltaikanlage bei der Verkehrswacht J\u00fclich - Verkehrswacht J\u00fclich\" \/>\n<meta property=\"og:url\" content=\"https:\/\/www.verkehrswacht-juelich.de\/?p=49\" \/>\n<meta property=\"og:site_name\" content=\"Verkehrswacht J\u00fclich\" \/>\n<meta property=\"article:published_time\" content=\"2024-01-01T00:00:48+00:00\" \/>\n<meta property=\"article:modified_time\" content=\"2024-04-29T08:34:13+00:00\" \/>\n<meta property=\"og:image\" content=\"https:\/\/www.verkehrswacht-juelich.de\/wp-content\/uploads\/2024\/01\/PV-Montiert.jpg\" \/>\n\t<meta property=\"og:image:width\" content=\"1836\" \/>\n\t<meta property=\"og:image:height\" content=\"1836\" \/>\n\t<meta property=\"og:image:type\" content=\"image\/jpeg\" \/>\n<meta name=\"author\" content=\"Gino Machunske\" \/>\n<meta name=\"twitter:card\" content=\"summary_large_image\" \/>\n<meta name=\"twitter:label1\" content=\"Verfasst von\" \/>\n\t<meta name=\"twitter:data1\" content=\"Gino Machunske\" \/>\n\t<meta name=\"twitter:label2\" content=\"Gesch\u00e4tzte Lesezeit\" \/>\n\t<meta name=\"twitter:data2\" content=\"2\u00a0Minuten\" \/>\n<script type=\"application\/ld+json\" class=\"yoast-schema-graph\">{\"@context\":\"https:\\\/\\\/schema.org\",\"@graph\":[{\"@type\":\"Article\",\"@id\":\"https:\\\/\\\/www.verkehrswacht-juelich.de\\\/?p=49#article\",\"isPartOf\":{\"@id\":\"https:\\\/\\\/www.verkehrswacht-juelich.de\\\/?p=49\"},\"author\":{\"name\":\"Gino Machunske\",\"@id\":\"https:\\\/\\\/www.verkehrswacht-juelich.de\\\/#\\\/schema\\\/person\\\/d6456da54b2c786bb90400ca1fa001f9\"},\"headline\":\"Nachhaltige Energie f\u00fcr eine sichere Zukunft: Unsere Photovoltaikanlage bei der Verkehrswacht J\u00fclich\",\"datePublished\":\"2024-01-01T00:00:48+00:00\",\"dateModified\":\"2024-04-29T08:34:13+00:00\",\"mainEntityOfPage\":{\"@id\":\"https:\\\/\\\/www.verkehrswacht-juelich.de\\\/?p=49\"},\"wordCount\":323,\"image\":{\"@id\":\"https:\\\/\\\/www.verkehrswacht-juelich.de\\\/?p=49#primaryimage\"},\"thumbnailUrl\":\"https:\\\/\\\/www.verkehrswacht-juelich.de\\\/wp-content\\\/uploads\\\/2024\\\/01\\\/PV-Montiert.jpg\",\"articleSection\":[\"News\"],\"inLanguage\":\"de\"},{\"@type\":\"WebPage\",\"@id\":\"https:\\\/\\\/www.verkehrswacht-juelich.de\\\/?p=49\",\"url\":\"https:\\\/\\\/www.verkehrswacht-juelich.de\\\/?p=49\",\"name\":\"Nachhaltige Energie f\u00fcr eine sichere Zukunft: Unsere Photovoltaikanlage bei der Verkehrswacht J\u00fclich - Verkehrswacht J\u00fclich\",\"isPartOf\":{\"@id\":\"https:\\\/\\\/www.verkehrswacht-juelich.de\\\/#website\"},\"primaryImageOfPage\":{\"@id\":\"https:\\\/\\\/www.verkehrswacht-juelich.de\\\/?p=49#primaryimage\"},\"image\":{\"@id\":\"https:\\\/\\\/www.verkehrswacht-juelich.de\\\/?p=49#primaryimage\"},\"thumbnailUrl\":\"https:\\\/\\\/www.verkehrswacht-juelich.de\\\/wp-content\\\/uploads\\\/2024\\\/01\\\/PV-Montiert.jpg\",\"datePublished\":\"2024-01-01T00:00:48+00:00\",\"dateModified\":\"2024-04-29T08:34:13+00:00\",\"author\":{\"@id\":\"https:\\\/\\\/www.verkehrswacht-juelich.de\\\/#\\\/schema\\\/person\\\/d6456da54b2c786bb90400ca1fa001f9\"},\"breadcrumb\":{\"@id\":\"https:\\\/\\\/www.verkehrswacht-juelich.de\\\/?p=49#breadcrumb\"},\"inLanguage\":\"de\",\"potentialAction\":[{\"@type\":\"ReadAction\",\"target\":[\"https:\\\/\\\/www.verkehrswacht-juelich.de\\\/?p=49\"]}]},{\"@type\":\"ImageObject\",\"inLanguage\":\"de\",\"@id\":\"https:\\\/\\\/www.verkehrswacht-juelich.de\\\/?p=49#primaryimage\",\"url\":\"https:\\\/\\\/www.verkehrswacht-juelich.de\\\/wp-content\\\/uploads\\\/2024\\\/01\\\/PV-Montiert.jpg\",\"contentUrl\":\"https:\\\/\\\/www.verkehrswacht-juelich.de\\\/wp-content\\\/uploads\\\/2024\\\/01\\\/PV-Montiert.jpg\",\"width\":1836,\"height\":1836,\"caption\":\"Die Photovoltaikanlage\"},{\"@type\":\"BreadcrumbList\",\"@id\":\"https:\\\/\\\/www.verkehrswacht-juelich.de\\\/?p=49#breadcrumb\",\"itemListElement\":[{\"@type\":\"ListItem\",\"position\":1,\"name\":\"Startseite\",\"item\":\"https:\\\/\\\/www.verkehrswacht-juelich.de\\\/?page_id=19\"},{\"@type\":\"ListItem\",\"position\":2,\"name\":\"Nachhaltige Energie f\u00fcr eine sichere Zukunft: Unsere Photovoltaikanlage bei der Verkehrswacht J\u00fclich\"}]},{\"@type\":\"WebSite\",\"@id\":\"https:\\\/\\\/www.verkehrswacht-juelich.de\\\/#website\",\"url\":\"https:\\\/\\\/www.verkehrswacht-juelich.de\\\/\",\"name\":\"Verkehrswacht J\u00fclich\",\"description\":\"\",\"potentialAction\":[{\"@type\":\"SearchAction\",\"target\":{\"@type\":\"EntryPoint\",\"urlTemplate\":\"https:\\\/\\\/www.verkehrswacht-juelich.de\\\/?s={search_term_string}\"},\"query-input\":{\"@type\":\"PropertyValueSpecification\",\"valueRequired\":true,\"valueName\":\"search_term_string\"}}],\"inLanguage\":\"de\"},{\"@type\":\"Person\",\"@id\":\"https:\\\/\\\/www.verkehrswacht-juelich.de\\\/#\\\/schema\\\/person\\\/d6456da54b2c786bb90400ca1fa001f9\",\"name\":\"Gino Machunske\",\"image\":{\"@type\":\"ImageObject\",\"inLanguage\":\"de\",\"@id\":\"https:\\\/\\\/secure.gravatar.com\\\/avatar\\\/f02e7ec53c16cd391f6280bd78080e1b07c43588c14163f7993fdc05b46e0078?s=96&d=retro&r=g\",\"url\":\"https:\\\/\\\/secure.gravatar.com\\\/avatar\\\/f02e7ec53c16cd391f6280bd78080e1b07c43588c14163f7993fdc05b46e0078?s=96&d=retro&r=g\",\"contentUrl\":\"https:\\\/\\\/secure.gravatar.com\\\/avatar\\\/f02e7ec53c16cd391f6280bd78080e1b07c43588c14163f7993fdc05b46e0078?s=96&d=retro&r=g\",\"caption\":\"Gino Machunske\"},\"url\":\"https:\\\/\\\/www.verkehrswacht-juelich.de\\\/?author=2\"}]}<\/script>\n<!-- \/ Yoast SEO plugin. -->","yoast_head_json":{"title":"Nachhaltige Energie f\u00fcr eine sichere Zukunft: Unsere Photovoltaikanlage bei der Verkehrswacht J\u00fclich - Verkehrswacht J\u00fclich","robots":{"index":"index","follow":"follow","max-snippet":"max-snippet:-1","max-image-preview":"max-image-preview:large","max-video-preview":"max-video-preview:-1"},"canonical":"https:\/\/www.verkehrswacht-juelich.de\/?p=49","og_locale":"de_DE","og_type":"article","og_title":"Nachhaltige Energie f\u00fcr eine sichere Zukunft: Unsere Photovoltaikanlage bei der Verkehrswacht J\u00fclich - Verkehrswacht J\u00fclich","og_url":"https:\/\/www.verkehrswacht-juelich.de\/?p=49","og_site_name":"Verkehrswacht J\u00fclich","article_published_time":"2024-01-01T00:00:48+00:00","article_modified_time":"2024-04-29T08:34:13+00:00","og_image":[{"width":1836,"height":1836,"url":"https:\/\/www.verkehrswacht-juelich.de\/wp-content\/uploads\/2024\/01\/PV-Montiert.jpg","type":"image\/jpeg"}],"author":"Gino Machunske","twitter_card":"summary_large_image","twitter_misc":{"Verfasst von":"Gino Machunske","Gesch\u00e4tzte Lesezeit":"2\u00a0Minuten"},"schema":{"@context":"https:\/\/schema.org","@graph":[{"@type":"Article","@id":"https:\/\/www.verkehrswacht-juelich.de\/?p=49#article","isPartOf":{"@id":"https:\/\/www.verkehrswacht-juelich.de\/?p=49"},"author":{"name":"Gino Machunske","@id":"https:\/\/www.verkehrswacht-juelich.de\/#\/schema\/person\/d6456da54b2c786bb90400ca1fa001f9"},"headline":"Nachhaltige Energie f\u00fcr eine sichere Zukunft: Unsere Photovoltaikanlage bei der Verkehrswacht J\u00fclich","datePublished":"2024-01-01T00:00:48+00:00","dateModified":"2024-04-29T08:34:13+00:00","mainEntityOfPage":{"@id":"https:\/\/www.verkehrswacht-juelich.de\/?p=49"},"wordCount":323,"image":{"@id":"https:\/\/www.verkehrswacht-juelich.de\/?p=49#primaryimage"},"thumbnailUrl":"https:\/\/www.verkehrswacht-juelich.de\/wp-content\/uploads\/2024\/01\/PV-Montiert.jpg","articleSection":["News"],"inLanguage":"de"},{"@type":"WebPage","@id":"https:\/\/www.verkehrswacht-juelich.de\/?p=49","url":"https:\/\/www.verkehrswacht-juelich.de\/?p=49","name":"Nachhaltige Energie f\u00fcr eine sichere Zukunft: Unsere Photovoltaikanlage bei der Verkehrswacht J\u00fclich - Verkehrswacht J\u00fclich","isPartOf":{"@id":"https:\/\/www.verkehrswacht-juelich.de\/#website"},"primaryImageOfPage":{"@id":"https:\/\/www.verkehrswacht-juelich.de\/?p=49#primaryimage"},"image":{"@id":"https:\/\/www.verkehrswacht-juelich.de\/?p=49#primaryimage"},"thumbnailUrl":"https:\/\/www.verkehrswacht-juelich.de\/wp-content\/uploads\/2024\/01\/PV-Montiert.jpg","datePublished":"2024-01-01T00:00:48+00:00","dateModified":"2024-04-29T08:34:13+00:00","author":{"@id":"https:\/\/www.verkehrswacht-juelich.de\/#\/schema\/person\/d6456da54b2c786bb90400ca1fa001f9"},"breadcrumb":{"@id":"https:\/\/www.verkehrswacht-juelich.de\/?p=49#breadcrumb"},"inLanguage":"de","potentialAction":[{"@type":"ReadAction","target":["https:\/\/www.verkehrswacht-juelich.de\/?p=49"]}]},{"@type":"ImageObject","inLanguage":"de","@id":"https:\/\/www.verkehrswacht-juelich.de\/?p=49#primaryimage","url":"https:\/\/www.verkehrswacht-juelich.de\/wp-content\/uploads\/2024\/01\/PV-Montiert.jpg","contentUrl":"https:\/\/www.verkehrswacht-juelich.de\/wp-content\/uploads\/2024\/01\/PV-Montiert.jpg","width":1836,"height":1836,"caption":"Die Photovoltaikanlage"},{"@type":"BreadcrumbList","@id":"https:\/\/www.verkehrswacht-juelich.de\/?p=49#breadcrumb","itemListElement":[{"@type":"ListItem","position":1,"name":"Startseite","item":"https:\/\/www.verkehrswacht-juelich.de\/?page_id=19"},{"@type":"ListItem","position":2,"name":"Nachhaltige Energie f\u00fcr eine sichere Zukunft: Unsere Photovoltaikanlage bei der Verkehrswacht J\u00fclich"}]},{"@type":"WebSite","@id":"https:\/\/www.verkehrswacht-juelich.de\/#website","url":"https:\/\/www.verkehrswacht-juelich.de\/","name":"Verkehrswacht J\u00fclich","description":"","potentialAction":[{"@type":"SearchAction","target":{"@type":"EntryPoint","urlTemplate":"https:\/\/www.verkehrswacht-juelich.de\/?s={search_term_string}"},"query-input":{"@type":"PropertyValueSpecification","valueRequired":true,"valueName":"search_term_string"}}],"inLanguage":"de"},{"@type":"Person","@id":"https:\/\/www.verkehrswacht-juelich.de\/#\/schema\/person\/d6456da54b2c786bb90400ca1fa001f9","name":"Gino Machunske","image":{"@type":"ImageObject","inLanguage":"de","@id":"https:\/\/secure.gravatar.com\/avatar\/f02e7ec53c16cd391f6280bd78080e1b07c43588c14163f7993fdc05b46e0078?s=96&d=retro&r=g","url":"https:\/\/secure.gravatar.com\/avatar\/f02e7ec53c16cd391f6280bd78080e1b07c43588c14163f7993fdc05b46e0078?s=96&d=retro&r=g","contentUrl":"https:\/\/secure.gravatar.com\/avatar\/f02e7ec53c16cd391f6280bd78080e1b07c43588c14163f7993fdc05b46e0078?s=96&d=retro&r=g","caption":"Gino Machunske"},"url":"https:\/\/www.verkehrswacht-juelich.de\/?author=2"}]}},"jetpack_featured_media_url":"https:\/\/www.verkehrswacht-juelich.de\/wp-content\/uploads\/2024\/01\/PV-Montiert.jpg","jetpack_sharing_enabled":true,"_links":{"self":[{"href":"https:\/\/www.verkehrswacht-juelich.de\/index.php?rest_route=\/wp\/v2\/posts\/49","targetHints":{"allow":["GET"]}}],"collection":[{"href":"https:\/\/www.verkehrswacht-juelich.de\/index.php?rest_route=\/wp\/v2\/posts"}],"about":[{"href":"https:\/\/www.verkehrswacht-juelich.de\/index.php?rest_route=\/wp\/v2\/types\/post"}],"author":[{"embeddable":true,"href":"https:\/\/www.verkehrswacht-juelich.de\/index.php?rest_route=\/wp\/v2\/users\/2"}],"replies":[{"embeddable":true,"href":"https:\/\/www.verkehrswacht-juelich.de\/index.php?rest_route=%2Fwp%2Fv2%2Fcomments&post=49"}],"version-history":[{"count":7,"href":"https:\/\/www.verkehrswacht-juelich.de\/index.php?rest_route=\/wp\/v2\/posts\/49\/revisions"}],"predecessor-version":[{"id":766,"href":"https:\/\/www.verkehrswacht-juelich.de\/index.php?rest_route=\/wp\/v2\/posts\/49\/revisions\/766"}],"wp:featuredmedia":[{"embeddable":true,"href":"https:\/\/www.verkehrswacht-juelich.de\/index.php?rest_route=\/wp\/v2\/media\/767"}],"wp:attachment":[{"href":"https:\/\/www.verkehrswacht-juelich.de\/index.php?rest_route=%2Fwp%2Fv2%2Fmedia&parent=49"}],"wp:term":[{"taxonomy":"category","embeddable":true,"href":"https:\/\/www.verkehrswacht-juelich.de\/index.php?rest_route=%2Fwp%2Fv2%2Fcategories&post=49"},{"taxonomy":"post_tag","embeddable":true,"href":"https:\/\/www.verkehrswacht-juelich.de\/index.php?rest_route=%2Fwp%2Fv2%2Ftags&post=49"}],"curies":[{"name":"wp","href":"https:\/\/api.w.org\/{rel}","templated":true}]}}